{"id":53,"date":"2012-11-04T19:51:56","date_gmt":"2012-11-04T19:51:56","guid":{"rendered":"http:\/\/info.ah13.de\/?p=53"},"modified":"2012-11-05T10:52:14","modified_gmt":"2012-11-05T10:52:14","slug":"marode","status":"publish","type":"post","link":"http:\/\/info.ah13.de\/?p=53","title":{"rendered":"Marode"},"content":{"rendered":"<p>Thema des Monats im Verein: Marode<\/p>\n<p>Sehr marode, die\u00a0Schienen der\u00a0 Feldbahn im Venner Moor. Entstanden an einem tr\u00fcben Tag im Fr\u00fchjahr<\/p>\n<p><a href=\"http:\/\/info.ah13.de\/wp-content\/uploads\/2012\/11\/MG_2837.jpg\"><img loading=\"lazy\" decoding=\"async\" class=\"aligncenter size-full wp-image-57\" title=\"_MG_2837#\" src=\"http:\/\/info.ah13.de\/wp-content\/uploads\/2012\/11\/MG_2837.jpg\" alt=\"\" width=\"600\" height=\"900\" srcset=\"http:\/\/info.ah13.de\/wp-content\/uploads\/2012\/11\/MG_2837.jpg 600w, http:\/\/info.ah13.de\/wp-content\/uploads\/2012\/11\/MG_2837-133x200.jpg 133w, http:\/\/info.ah13.de\/wp-content\/uploads\/2012\/11\/MG_2837-439x660.jpg 439w\" sizes=\"auto, (max-width: 600px) 100vw, 600px\" \/><\/a><\/p>\n<p><a href=\"http:\/\/info.ah13.de\/wp-content\/uploads\/2012\/11\/MG_1534SW.jpg\"><img loading=\"lazy\" decoding=\"async\" class=\"aligncenter size-large wp-image-56\" title=\"_MG_1534#SW\" src=\"http:\/\/info.ah13.de\/wp-content\/uploads\/2012\/11\/MG_1534SW-660x439.jpg\" alt=\"\" width=\"660\" height=\"439\" srcset=\"http:\/\/info.ah13.de\/wp-content\/uploads\/2012\/11\/MG_1534SW-660x439.jpg 660w, http:\/\/info.ah13.de\/wp-content\/uploads\/2012\/11\/MG_1534SW-200x133.jpg 200w, http:\/\/info.ah13.de\/wp-content\/uploads\/2012\/11\/MG_1534SW.jpg 900w\" sizes=\"auto, (max-width: 660px) 100vw, 660px\" \/><\/a><\/p>\n<p><a href=\"http:\/\/info.ah13.de\/wp-content\/uploads\/2012\/11\/MG_2935.jpg\"><img loading=\"lazy\" decoding=\"async\" class=\"aligncenter size-large wp-image-58\" title=\"_MG_2935#\" src=\"http:\/\/info.ah13.de\/wp-content\/uploads\/2012\/11\/MG_2935-660x439.jpg\" alt=\"\" width=\"660\" height=\"439\" srcset=\"http:\/\/info.ah13.de\/wp-content\/uploads\/2012\/11\/MG_2935-660x439.jpg 660w, http:\/\/info.ah13.de\/wp-content\/uploads\/2012\/11\/MG_2935-200x133.jpg 200w, http:\/\/info.ah13.de\/wp-content\/uploads\/2012\/11\/MG_2935.jpg 900w\" sizes=\"auto, (max-width: 660px) 100vw, 660px\" \/><\/a><\/p>\n<p>Schiffsfriedh\u00f6fe in der Bretagne sind f\u00fcr mich immer magische und mystische\u00a0Orte des Verfalls. Keiner wei\u00df, wie lange diese alten Schiffe dort noch verweilen. Viele Schiffswracks, die ich in der Vergangenheit\u00a0fotografiert\u00a0\u00a0habe, sind mittlerweile verschwunden. Hier: Camaret-sur-mer. Unten: eine alte Tafel an einem Werftgeb\u00e4ude<\/p>\n<p><a href=\"http:\/\/info.ah13.de\/wp-content\/uploads\/2012\/11\/MG_0456.jpg\"><img loading=\"lazy\" decoding=\"async\" class=\"aligncenter size-large wp-image-54\" title=\"_MG_0456#\" src=\"http:\/\/info.ah13.de\/wp-content\/uploads\/2012\/11\/MG_0456-660x439.jpg\" alt=\"\" width=\"660\" height=\"439\" srcset=\"http:\/\/info.ah13.de\/wp-content\/uploads\/2012\/11\/MG_0456-660x439.jpg 660w, http:\/\/info.ah13.de\/wp-content\/uploads\/2012\/11\/MG_0456-200x133.jpg 200w, http:\/\/info.ah13.de\/wp-content\/uploads\/2012\/11\/MG_0456.jpg 900w\" sizes=\"auto, (max-width: 660px) 100vw, 660px\" \/><\/a><\/p>\n<p><a href=\"http:\/\/info.ah13.de\/wp-content\/uploads\/2012\/11\/MG_0506.jpg\"><img loading=\"lazy\" decoding=\"async\" class=\"aligncenter size-large wp-image-55\" title=\"_MG_0506#\" src=\"http:\/\/info.ah13.de\/wp-content\/uploads\/2012\/11\/MG_0506-660x494.jpg\" alt=\"\" width=\"660\" height=\"494\" srcset=\"http:\/\/info.ah13.de\/wp-content\/uploads\/2012\/11\/MG_0506-660x494.jpg 660w, http:\/\/info.ah13.de\/wp-content\/uploads\/2012\/11\/MG_0506-200x150.jpg 200w, http:\/\/info.ah13.de\/wp-content\/uploads\/2012\/11\/MG_0506.jpg 900w\" sizes=\"auto, (max-width: 660px) 100vw, 660px\" \/><\/a><\/p>\n","protected":false},"excerpt":{"rendered":"<p>Thema des Monats im Verein: Marode Sehr marode, die\u00a0Schienen der\u00a0 Feldbahn im Venner Moor. Entstanden an einem tr\u00fcben Tag im Fr\u00fchjahr Schiffsfriedh\u00f6fe in der Bretagne sind f\u00fcr mich immer magische und mystische\u00a0Orte des Verfalls. Keiner wei\u00df, wie lange diese alten Schiffe dort noch verweilen. Viele Schiffswracks, die ich in der Vergangenheit\u00a0fotografiert\u00a0\u00a0habe, sind mittlerweile verschwunden. Hier: [&hellip;]<\/p>\n","protected":false},"author":1,"featured_media":54,"comment_status":"open","ping_status":"open","sticky":false,"template":"","format":"gallery","meta":{"footnotes":""},"categories":[10],"tags":[14,6,13,15],"class_list":["post-53","post","type-post","status-publish","format-gallery","has-post-thumbnail","hentry","category-fgos","tag-alt","tag-bretagne","tag-marode","tag-verfall","post_format-post-format-gallery"],"_links":{"self":[{"href":"http:\/\/info.ah13.de\/index.php?rest_route=\/wp\/v2\/posts\/53","targetHints":{"allow":["GET"]}}],"collection":[{"href":"http:\/\/info.ah13.de\/index.php?rest_route=\/wp\/v2\/posts"}],"about":[{"href":"http:\/\/info.ah13.de\/index.php?rest_route=\/wp\/v2\/types\/post"}],"author":[{"embeddable":true,"href":"http:\/\/info.ah13.de\/index.php?rest_route=\/wp\/v2\/users\/1"}],"replies":[{"embeddable":true,"href":"http:\/\/info.ah13.de\/index.php?rest_route=%2Fwp%2Fv2%2Fcomments&post=53"}],"version-history":[{"count":4,"href":"http:\/\/info.ah13.de\/index.php?rest_route=\/wp\/v2\/posts\/53\/revisions"}],"predecessor-version":[{"id":373,"href":"http:\/\/info.ah13.de\/index.php?rest_route=\/wp\/v2\/posts\/53\/revisions\/373"}],"wp:featuredmedia":[{"embeddable":true,"href":"http:\/\/info.ah13.de\/index.php?rest_route=\/wp\/v2\/media\/54"}],"wp:attachment":[{"href":"http:\/\/info.ah13.de\/index.php?rest_route=%2Fwp%2Fv2%2Fmedia&parent=53"}],"wp:term":[{"taxonomy":"category","embeddable":true,"href":"http:\/\/info.ah13.de\/index.php?rest_route=%2Fwp%2Fv2%2Fcategories&post=53"},{"taxonomy":"post_tag","embeddable":true,"href":"http:\/\/info.ah13.de\/index.php?rest_route=%2Fwp%2Fv2%2Ftags&post=53"}],"curies":[{"name":"wp","href":"https:\/\/api.w.org\/{rel}","templated":true}]}}