{"id":36,"date":"2012-11-03T22:18:09","date_gmt":"2012-11-03T22:18:09","guid":{"rendered":"http:\/\/info.ah13.de\/?p=36"},"modified":"2012-11-05T10:34:07","modified_gmt":"2012-11-05T10:34:07","slug":"schwarzweiss","status":"publish","type":"post","link":"http:\/\/info.ah13.de\/?p=36","title":{"rendered":"Schwarzweiss"},"content":{"rendered":"<p><a href=\"http:\/\/info.ah13.de\/wp-content\/uploads\/2012\/11\/MG_1136.jpg\"><img loading=\"lazy\" decoding=\"async\" class=\"aligncenter size-full wp-image-40\" title=\"_MG_1136\" src=\"http:\/\/info.ah13.de\/wp-content\/uploads\/2012\/11\/MG_1136.jpg\" alt=\"\" width=\"600\" height=\"911\" srcset=\"http:\/\/info.ah13.de\/wp-content\/uploads\/2012\/11\/MG_1136.jpg 600w, http:\/\/info.ah13.de\/wp-content\/uploads\/2012\/11\/MG_1136-131x200.jpg 131w, http:\/\/info.ah13.de\/wp-content\/uploads\/2012\/11\/MG_1136-434x660.jpg 434w\" sizes=\"auto, (max-width: 600px) 100vw, 600px\" \/><\/a><\/p>\n<p>Ein paar Bildbeispiele mit dem Walimex 14mm. Oben das Geb\u00e4ude der NOZ, von der anderen Stra\u00dfenseite aus gesehen. Unten die Orgel im Osnabr\u00fccker Dom, nat\u00fcrlich sind sehr starke Verzerrungen sichtbar, aber ich stand auch unmittelbar davor.<\/p>\n<p><a href=\"http:\/\/info.ah13.de\/wp-content\/uploads\/2012\/11\/MG_1088.jpg\"><img loading=\"lazy\" decoding=\"async\" class=\"aligncenter size-full wp-image-39\" title=\"_MG_1088#\" src=\"http:\/\/info.ah13.de\/wp-content\/uploads\/2012\/11\/MG_1088.jpg\" alt=\"\" width=\"600\" height=\"900\" srcset=\"http:\/\/info.ah13.de\/wp-content\/uploads\/2012\/11\/MG_1088.jpg 600w, http:\/\/info.ah13.de\/wp-content\/uploads\/2012\/11\/MG_1088-133x200.jpg 133w, http:\/\/info.ah13.de\/wp-content\/uploads\/2012\/11\/MG_1088-439x660.jpg 439w\" sizes=\"auto, (max-width: 600px) 100vw, 600px\" \/><\/a><\/p>\n<p>Schattenspielereien in Osnabr\u00fcck, am NOZ-Geb\u00e4ude.<\/p>\n<p><a href=\"http:\/\/info.ah13.de\/wp-content\/uploads\/2012\/11\/MG_10012.jpg\"><img loading=\"lazy\" decoding=\"async\" class=\"aligncenter size-large wp-image-37\" title=\"_MG_1001#2\" src=\"http:\/\/info.ah13.de\/wp-content\/uploads\/2012\/11\/MG_10012-660x439.jpg\" alt=\"\" width=\"660\" height=\"439\" srcset=\"http:\/\/info.ah13.de\/wp-content\/uploads\/2012\/11\/MG_10012-660x439.jpg 660w, http:\/\/info.ah13.de\/wp-content\/uploads\/2012\/11\/MG_10012-200x133.jpg 200w, http:\/\/info.ah13.de\/wp-content\/uploads\/2012\/11\/MG_10012.jpg 900w\" sizes=\"auto, (max-width: 660px) 100vw, 660px\" \/><\/a><\/p>\n","protected":false},"excerpt":{"rendered":"<p>Ein paar Bildbeispiele mit dem Walimex 14mm. Oben das Geb\u00e4ude der NOZ, von der anderen Stra\u00dfenseite aus gesehen. Unten die Orgel im Osnabr\u00fccker Dom, nat\u00fcrlich sind sehr starke Verzerrungen sichtbar, aber ich stand auch unmittelbar davor. Schattenspielereien in Osnabr\u00fcck, am NOZ-Geb\u00e4ude.<\/p>\n","protected":false},"author":1,"featured_media":37,"comment_status":"open","ping_status":"open","sticky":false,"template":"","format":"gallery","meta":{"footnotes":""},"categories":[1],"tags":[],"class_list":["post-36","post","type-post","status-publish","format-gallery","has-post-thumbnail","hentry","category-uncategorized","post_format-post-format-gallery"],"_links":{"self":[{"href":"http:\/\/info.ah13.de\/index.php?rest_route=\/wp\/v2\/posts\/36","targetHints":{"allow":["GET"]}}],"collection":[{"href":"http:\/\/info.ah13.de\/index.php?rest_route=\/wp\/v2\/posts"}],"about":[{"href":"http:\/\/info.ah13.de\/index.php?rest_route=\/wp\/v2\/types\/post"}],"author":[{"embeddable":true,"href":"http:\/\/info.ah13.de\/index.php?rest_route=\/wp\/v2\/users\/1"}],"replies":[{"embeddable":true,"href":"http:\/\/info.ah13.de\/index.php?rest_route=%2Fwp%2Fv2%2Fcomments&post=36"}],"version-history":[{"count":5,"href":"http:\/\/info.ah13.de\/index.php?rest_route=\/wp\/v2\/posts\/36\/revisions"}],"predecessor-version":[{"id":365,"href":"http:\/\/info.ah13.de\/index.php?rest_route=\/wp\/v2\/posts\/36\/revisions\/365"}],"wp:featuredmedia":[{"embeddable":true,"href":"http:\/\/info.ah13.de\/index.php?rest_route=\/wp\/v2\/media\/37"}],"wp:attachment":[{"href":"http:\/\/info.ah13.de\/index.php?rest_route=%2Fwp%2Fv2%2Fmedia&parent=36"}],"wp:term":[{"taxonomy":"category","embeddable":true,"href":"http:\/\/info.ah13.de\/index.php?rest_route=%2Fwp%2Fv2%2Fcategories&post=36"},{"taxonomy":"post_tag","embeddable":true,"href":"http:\/\/info.ah13.de\/index.php?rest_route=%2Fwp%2Fv2%2Ftags&post=36"}],"curies":[{"name":"wp","href":"https:\/\/api.w.org\/{rel}","templated":true}]}}