{"id":323,"date":"2012-10-31T17:55:16","date_gmt":"2012-10-31T16:55:16","guid":{"rendered":"http:\/\/blog.ah13.de\/?p=323"},"modified":"2012-11-05T09:17:08","modified_gmt":"2012-11-05T09:17:08","slug":"der-weite-winkel","status":"publish","type":"post","link":"http:\/\/info.ah13.de\/?p=323","title":{"rendered":"Der weite Winkel"},"content":{"rendered":"<p>Spontan\u00a0habe ich mir am letzten Freitag\u00a0das 14mm Superweitwinkel von Walimex bei Foto Erhardt bestellt, und ich konnte es noch Samstag Mittag abholen. Also die Fototasche gepackt und los. Geb\u00e4ude und Architektur sollten es schon sein, ich wu\u00dfte ja schon aus Praxisberichten, da\u00df es bei diesem Objektiv Probleme mit Verzeichnung gibt.<\/p>\n<p>Hier ein Vergleich 14mm ( oben ) mit 17mm ( unten ), gleicher Standpunkt:\u00a0<img loading=\"lazy\" decoding=\"async\" class=\"aligncenter size-full wp-image-324\" title=\"_MG_0981#\" src=\"http:\/\/blog.ah13.de\/wp-content\/uploads\/2012\/10\/MG_0981.jpg\" alt=\"\" width=\"450\" height=\"300\" \/><\/p>\n<p>Das Walimex ist scharf bis in die Ecken, erstaunlich f\u00fcr ein SWW, allerdings dabei nicht sonderlich brillant, da mu\u00df man in der Nachbearbeitung nachhelfen.<\/p>\n<p><a href=\"http:\/\/blog.ah13.de\/?attachment_id=325\" rel=\"attachment wp-att-325\"><img loading=\"lazy\" decoding=\"async\" class=\"aligncenter size-full wp-image-325\" title=\"_MG_0983#\" src=\"http:\/\/blog.ah13.de\/wp-content\/uploads\/2012\/10\/MG_0983.jpg\" alt=\"\" width=\"450\" height=\"300\" \/><\/a><\/p>\n<p>Hier noch unproblematisch:<\/p>\n<p><a href=\"http:\/\/blog.ah13.de\/?attachment_id=326\" rel=\"attachment wp-att-326\"><img loading=\"lazy\" decoding=\"async\" class=\"aligncenter size-full wp-image-326\" title=\"_MG_1024sw\" src=\"http:\/\/blog.ah13.de\/wp-content\/uploads\/2012\/10\/MG_1024sw.jpg\" alt=\"\" width=\"450\" height=\"692\" \/><\/a><\/p>\n<p>Allerdings bei diesem Motiv sieht man das gro\u00dfe Problem, der Handlauf ist eigentlich gerade, d.h. parallel zur Bildkante. Diese Wellenf\u00f6rmige Verzeichnung l\u00e4\u00dft sich fast nicht beherrschen, st\u00f6rt bei Architekturmotiven erheblich. Das ist auch der Grund, warum ich das Objektiv am Montag wieder zur\u00fcckgebracht habe, ich bleibe vorerst\u00a0bei 17mm als k\u00fcrzeste Brennweite<\/p>\n<p><a href=\"http:\/\/blog.ah13.de\/?attachment_id=327\" rel=\"attachment wp-att-327\"><img loading=\"lazy\" decoding=\"async\" class=\"aligncenter size-full wp-image-327\" title=\"_MG_1062#\" src=\"http:\/\/blog.ah13.de\/wp-content\/uploads\/2012\/10\/MG_1062.jpg\" alt=\"\" width=\"450\" height=\"300\" \/><\/a><\/p>\n","protected":false},"excerpt":{"rendered":"<p>Spontan\u00a0habe ich mir am letzten Freitag\u00a0das 14mm Superweitwinkel von Walimex bei Foto Erhardt bestellt, und ich konnte es noch Samstag Mittag abholen. Also die Fototasche gepackt und los. Geb\u00e4ude und Architektur sollten es schon sein, ich wu\u00dfte ja schon aus Praxisberichten, da\u00df es bei diesem Objektiv Probleme mit Verzeichnung gibt. Hier ein Vergleich 14mm ( [&hellip;]<\/p>\n","protected":false},"author":1,"featured_media":40,"comment_status":"open","ping_status":"open","sticky":false,"template":"","format":"standard","meta":{"footnotes":""},"categories":[1],"tags":[],"class_list":["post-323","post","type-post","status-publish","format-standard","has-post-thumbnail","hentry","category-uncategorized"],"_links":{"self":[{"href":"http:\/\/info.ah13.de\/index.php?rest_route=\/wp\/v2\/posts\/323","targetHints":{"allow":["GET"]}}],"collection":[{"href":"http:\/\/info.ah13.de\/index.php?rest_route=\/wp\/v2\/posts"}],"about":[{"href":"http:\/\/info.ah13.de\/index.php?rest_route=\/wp\/v2\/types\/post"}],"author":[{"embeddable":true,"href":"http:\/\/info.ah13.de\/index.php?rest_route=\/wp\/v2\/users\/1"}],"replies":[{"embeddable":true,"href":"http:\/\/info.ah13.de\/index.php?rest_route=%2Fwp%2Fv2%2Fcomments&post=323"}],"version-history":[{"count":1,"href":"http:\/\/info.ah13.de\/index.php?rest_route=\/wp\/v2\/posts\/323\/revisions"}],"predecessor-version":[{"id":333,"href":"http:\/\/info.ah13.de\/index.php?rest_route=\/wp\/v2\/posts\/323\/revisions\/333"}],"wp:featuredmedia":[{"embeddable":true,"href":"http:\/\/info.ah13.de\/index.php?rest_route=\/wp\/v2\/media\/40"}],"wp:attachment":[{"href":"http:\/\/info.ah13.de\/index.php?rest_route=%2Fwp%2Fv2%2Fmedia&parent=323"}],"wp:term":[{"taxonomy":"category","embeddable":true,"href":"http:\/\/info.ah13.de\/index.php?rest_route=%2Fwp%2Fv2%2Fcategories&post=323"},{"taxonomy":"post_tag","embeddable":true,"href":"http:\/\/info.ah13.de\/index.php?rest_route=%2Fwp%2Fv2%2Ftags&post=323"}],"curies":[{"name":"wp","href":"https:\/\/api.w.org\/{rel}","templated":true}]}}