{"id":258,"date":"2012-09-17T12:30:45","date_gmt":"2012-09-17T11:30:45","guid":{"rendered":"http:\/\/blog.ah13.de\/?p=258"},"modified":"2012-11-05T10:52:41","modified_gmt":"2012-11-05T10:52:41","slug":"fotoausstellung","status":"publish","type":"post","link":"http:\/\/info.ah13.de\/?p=258","title":{"rendered":"Fotoausstellung"},"content":{"rendered":"<p>Gestern wurde die Fotoausstellung der Fotografischen Gesellschaft Osnabr\u00fcck, deren Mitglied ich bin, anl\u00e4sslich des 100j\u00e4hrigen Bestehens er\u00f6ffnet. Diesen Artikel hat die NOZ am Freitag, den 14.09.2012 ver\u00f6ffentlicht. Titelbild und das Bild\u00a0unten im Hintergrund sind von mir. Weitere Bilder von mir und meinen Vereinskollegen sind in der Austellung im Museum Industriekultur in Osnabr\u00fcck noch bis zum 17. Februar 2013 zu sehen.<\/p>\n<p><a href=\"http:\/\/blog.ah13.de\/?attachment_id=259\" rel=\"attachment wp-att-259\"><img loading=\"lazy\" decoding=\"async\" class=\"aligncenter size-full wp-image-259\" title=\"20120914\" src=\"http:\/\/blog.ah13.de\/wp-content\/uploads\/2012\/09\/20120914.jpg\" alt=\"\" width=\"643\" height=\"992\" \/><\/a><\/p>\n","protected":false},"excerpt":{"rendered":"<p>Gestern wurde die Fotoausstellung der Fotografischen Gesellschaft Osnabr\u00fcck, deren Mitglied ich bin, anl\u00e4sslich des 100j\u00e4hrigen Bestehens er\u00f6ffnet. Diesen Artikel hat die NOZ am Freitag, den 14.09.2012 ver\u00f6ffentlicht. Titelbild und das Bild\u00a0unten im Hintergrund sind von mir. Weitere Bilder von mir und meinen Vereinskollegen sind in der Austellung im Museum Industriekultur in Osnabr\u00fcck noch bis zum [&hellip;]<\/p>\n","protected":false},"author":1,"featured_media":84,"comment_status":"open","ping_status":"open","sticky":false,"template":"","format":"standard","meta":{"footnotes":""},"categories":[10],"tags":[],"class_list":["post-258","post","type-post","status-publish","format-standard","has-post-thumbnail","hentry","category-fgos"],"_links":{"self":[{"href":"http:\/\/info.ah13.de\/index.php?rest_route=\/wp\/v2\/posts\/258","targetHints":{"allow":["GET"]}}],"collection":[{"href":"http:\/\/info.ah13.de\/index.php?rest_route=\/wp\/v2\/posts"}],"about":[{"href":"http:\/\/info.ah13.de\/index.php?rest_route=\/wp\/v2\/types\/post"}],"author":[{"embeddable":true,"href":"http:\/\/info.ah13.de\/index.php?rest_route=\/wp\/v2\/users\/1"}],"replies":[{"embeddable":true,"href":"http:\/\/info.ah13.de\/index.php?rest_route=%2Fwp%2Fv2%2Fcomments&post=258"}],"version-history":[{"count":2,"href":"http:\/\/info.ah13.de\/index.php?rest_route=\/wp\/v2\/posts\/258\/revisions"}],"predecessor-version":[{"id":374,"href":"http:\/\/info.ah13.de\/index.php?rest_route=\/wp\/v2\/posts\/258\/revisions\/374"}],"wp:featuredmedia":[{"embeddable":true,"href":"http:\/\/info.ah13.de\/index.php?rest_route=\/wp\/v2\/media\/84"}],"wp:attachment":[{"href":"http:\/\/info.ah13.de\/index.php?rest_route=%2Fwp%2Fv2%2Fmedia&parent=258"}],"wp:term":[{"taxonomy":"category","embeddable":true,"href":"http:\/\/info.ah13.de\/index.php?rest_route=%2Fwp%2Fv2%2Fcategories&post=258"},{"taxonomy":"post_tag","embeddable":true,"href":"http:\/\/info.ah13.de\/index.php?rest_route=%2Fwp%2Fv2%2Ftags&post=258"}],"curies":[{"name":"wp","href":"https:\/\/api.w.org\/{rel}","templated":true}]}}