{"id":221,"date":"2012-06-27T15:25:19","date_gmt":"2012-06-27T14:25:19","guid":{"rendered":"http:\/\/blog.ah13.de\/?p=221"},"modified":"2012-11-05T11:10:55","modified_gmt":"2012-11-05T11:10:55","slug":"colour-my-world","status":"publish","type":"post","link":"http:\/\/info.ah13.de\/?p=221","title":{"rendered":"Colour my world"},"content":{"rendered":"<p>Gestern war mal wieder etwas Sonne, also die Zeit genutzt, im Botanischen Garten ein paar Bilder zu machen. Alle mit meiner Lieblingslinse f\u00fcr Bl\u00fcten, dem 300 L IS:<\/p>\n<p><a href=\"http:\/\/blog.ah13.de\/?attachment_id=226\" rel=\"attachment wp-att-226\"><img loading=\"lazy\" decoding=\"async\" class=\"aligncenter size-full wp-image-226\" title=\"_MG_3514#\" src=\"http:\/\/blog.ah13.de\/wp-content\/uploads\/2012\/06\/MG_35141.jpg\" alt=\"\" width=\"450\" height=\"300\" \/><\/a><\/p>\n<p>The-making-of des oberen Bildes. Ich habe auf der Wiese gelegen&#8230;<\/p>\n<p><a href=\"http:\/\/blog.ah13.de\/?attachment_id=224\" rel=\"attachment wp-att-224\"><img loading=\"lazy\" decoding=\"async\" class=\"aligncenter size-full wp-image-224\" title=\"IMG_0695\" src=\"http:\/\/blog.ah13.de\/wp-content\/uploads\/2012\/06\/IMG_0695.jpg\" alt=\"\" width=\"450\" height=\"600\" \/><\/a><\/p>\n<p>Eine Farbenpracht, wie die Bl\u00fcten hei\u00dfen, kann ich nicht sagen.<\/p>\n<p><a href=\"http:\/\/blog.ah13.de\/?attachment_id=223\" rel=\"attachment wp-att-223\"><img loading=\"lazy\" decoding=\"async\" class=\"aligncenter size-full wp-image-223\" title=\"_MG_3560#1\" src=\"http:\/\/blog.ah13.de\/wp-content\/uploads\/2012\/06\/MG_35601.jpg\" alt=\"\" width=\"450\" height=\"300\" \/><\/a><\/p>\n<p>Kormblumen&#8230;so blau<\/p>\n<p><a href=\"http:\/\/blog.ah13.de\/?attachment_id=222\" rel=\"attachment wp-att-222\"><img loading=\"lazy\" decoding=\"async\" class=\"aligncenter size-full wp-image-222\" title=\"_MG_3555#\" src=\"http:\/\/blog.ah13.de\/wp-content\/uploads\/2012\/06\/MG_3555.jpg\" alt=\"\" width=\"450\" height=\"333\" \/><\/a><\/p>\n","protected":false},"excerpt":{"rendered":"<p>Gestern war mal wieder etwas Sonne, also die Zeit genutzt, im Botanischen Garten ein paar Bilder zu machen. Alle mit meiner Lieblingslinse f\u00fcr Bl\u00fcten, dem 300 L IS: The-making-of des oberen Bildes. Ich habe auf der Wiese gelegen&#8230; Eine Farbenpracht, wie die Bl\u00fcten hei\u00dfen, kann ich nicht sagen. Kormblumen&#8230;so blau<\/p>\n","protected":false},"author":1,"featured_media":377,"comment_status":"open","ping_status":"open","sticky":false,"template":"","format":"standard","meta":{"footnotes":""},"categories":[17],"tags":[19,18,20,21],"class_list":["post-221","post","type-post","status-publish","format-standard","has-post-thumbnail","hentry","category-natur","tag-bluten","tag-bot-garten","tag-farbe","tag-fauna"],"_links":{"self":[{"href":"http:\/\/info.ah13.de\/index.php?rest_route=\/wp\/v2\/posts\/221","targetHints":{"allow":["GET"]}}],"collection":[{"href":"http:\/\/info.ah13.de\/index.php?rest_route=\/wp\/v2\/posts"}],"about":[{"href":"http:\/\/info.ah13.de\/index.php?rest_route=\/wp\/v2\/types\/post"}],"author":[{"embeddable":true,"href":"http:\/\/info.ah13.de\/index.php?rest_route=\/wp\/v2\/users\/1"}],"replies":[{"embeddable":true,"href":"http:\/\/info.ah13.de\/index.php?rest_route=%2Fwp%2Fv2%2Fcomments&post=221"}],"version-history":[{"count":2,"href":"http:\/\/info.ah13.de\/index.php?rest_route=\/wp\/v2\/posts\/221\/revisions"}],"predecessor-version":[{"id":378,"href":"http:\/\/info.ah13.de\/index.php?rest_route=\/wp\/v2\/posts\/221\/revisions\/378"}],"wp:featuredmedia":[{"embeddable":true,"href":"http:\/\/info.ah13.de\/index.php?rest_route=\/wp\/v2\/media\/377"}],"wp:attachment":[{"href":"http:\/\/info.ah13.de\/index.php?rest_route=%2Fwp%2Fv2%2Fmedia&parent=221"}],"wp:term":[{"taxonomy":"category","embeddable":true,"href":"http:\/\/info.ah13.de\/index.php?rest_route=%2Fwp%2Fv2%2Fcategories&post=221"},{"taxonomy":"post_tag","embeddable":true,"href":"http:\/\/info.ah13.de\/index.php?rest_route=%2Fwp%2Fv2%2Ftags&post=221"}],"curies":[{"name":"wp","href":"https:\/\/api.w.org\/{rel}","templated":true}]}}